{"id":1203,"date":"2024-02-21T11:02:51","date_gmt":"2024-02-21T11:02:51","guid":{"rendered":"https:\/\/grupgr.panelserver.org\/edifici-dhabitatges-conservant-facana\/"},"modified":"2024-03-27T13:40:00","modified_gmt":"2024-03-27T13:40:00","slug":"edifici-dhabitatges-conservant-facana","status":"publish","type":"post","link":"https:\/\/grupgr.com\/ca\/edifici-dhabitatges-conservant-facana\/","title":{"rendered":"Edifici d&#8217;habitatges conservant fa\u00e7ana"},"content":{"rendered":"\t\t<div data-elementor-type=\"wp-post\" data-elementor-id=\"1203\" class=\"elementor elementor-1203 elementor-497\" data-elementor-post-type=\"post\">\n\t\t\t\t<div class=\"elementor-element elementor-element-ae53d46 e-flex e-con-boxed e-con e-parent\" data-id=\"ae53d46\" data-element_type=\"container\">\n\t\t\t\t\t<div class=\"e-con-inner\">\n\t\t<div class=\"elementor-element elementor-element-c0e93b2 e-con-full e-flex e-con e-child\" data-id=\"c0e93b2\" data-element_type=\"container\">\n\t\t\t\t<div class=\"elementor-element elementor-element-be90ea6 elementor-widget elementor-widget-theme-post-featured-image elementor-widget-image\" data-id=\"be90ea6\" data-element_type=\"widget\" data-widget_type=\"theme-post-featured-image.default\">\n\t\t\t\t<div class=\"elementor-widget-container\">\n\t\t\t\t\t\t\t\t\t\t\t\t\t\t\t<img fetchpriority=\"high\" decoding=\"async\" width=\"800\" height=\"800\" src=\"https:\/\/grupgr.com\/wp-content\/uploads\/2024\/02\/edificio-viviendas-c-fachada-2.jpg\" class=\"attachment-large size-large wp-image-908\" alt=\"\" srcset=\"https:\/\/grupgr.com\/wp-content\/uploads\/2024\/02\/edificio-viviendas-c-fachada-2.jpg 1000w, https:\/\/grupgr.com\/wp-content\/uploads\/2024\/02\/edificio-viviendas-c-fachada-2-300x300.jpg 300w, https:\/\/grupgr.com\/wp-content\/uploads\/2024\/02\/edificio-viviendas-c-fachada-2-150x150.jpg 150w, https:\/\/grupgr.com\/wp-content\/uploads\/2024\/02\/edificio-viviendas-c-fachada-2-768x768.jpg 768w\" sizes=\"(max-width: 800px) 100vw, 800px\" \/>\t\t\t\t\t\t\t\t\t\t\t\t\t\t\t<\/div>\n\t\t\t\t<\/div>\n\t\t\t\t<\/div>\n\t\t<div class=\"elementor-element elementor-element-77a26c3 e-con-full e-flex e-con e-child\" data-id=\"77a26c3\" data-element_type=\"container\">\n\t\t\t\t<div class=\"elementor-element elementor-element-4a310bb elementor-widget elementor-widget-theme-post-title elementor-page-title elementor-widget-heading\" data-id=\"4a310bb\" data-element_type=\"widget\" data-widget_type=\"theme-post-title.default\">\n\t\t\t\t<div class=\"elementor-widget-container\">\n\t\t\t\t\t<h1 class=\"elementor-heading-title elementor-size-default\">Edifici d&#8217;habitatges conservant fa\u00e7ana<\/h1>\t\t\t\t<\/div>\n\t\t\t\t<\/div>\n\t\t\t\t<div class=\"elementor-element elementor-element-cfbc494 elementor-widget elementor-widget-text-editor\" data-id=\"cfbc494\" data-element_type=\"widget\" data-widget_type=\"text-editor.default\">\n\t\t\t\t<div class=\"elementor-widget-container\">\n\t\t\t\t\t\t\t\t\t<p><strong>Situaci\u00f3:<\/strong> C\/ Miguel Servet, 8-16, de Monz\u00f3n (Huesca)<\/p>\n<p><strong>Contratista:<\/strong> HINACO, S.L.<\/p>\n\t\t\t\t\t\t\t\t<\/div>\n\t\t\t\t<\/div>\n\t\t\t\t<\/div>\n\t\t\t\t\t<\/div>\n\t\t\t\t<\/div>\n\t\t<div class=\"elementor-element elementor-element-43f7faf e-flex e-con-boxed e-con e-parent\" data-id=\"43f7faf\" data-element_type=\"container\">\n\t\t\t\t\t<div class=\"e-con-inner\">\n\t\t\t\t<div class=\"elementor-element elementor-element-88b0a26 elementor-widget elementor-widget-image-gallery\" data-id=\"88b0a26\" data-element_type=\"widget\" data-widget_type=\"image-gallery.default\">\n\t\t\t\t<div class=\"elementor-widget-container\">\n\t\t\t\t\t\t\t<div class=\"elementor-image-gallery\">\n\t\t\t<div id='gallery-1' class='gallery galleryid-1203 gallery-columns-4 gallery-size-full'><figure class='gallery-item'>\n\t\t\t<div class='gallery-icon landscape'>\n\t\t\t\t<a data-elementor-open-lightbox=\"yes\" data-elementor-lightbox-slideshow=\"88b0a26\" data-elementor-lightbox-title=\"edificio-viviendas-c-fachada (1)\" data-e-action-hash=\"#elementor-action%3Aaction%3Dlightbox%26settings%3DeyJpZCI6OTA5LCJ1cmwiOiJodHRwczpcL1wvZ3J1cGdyLmNvbVwvd3AtY29udGVudFwvdXBsb2Fkc1wvMjAyNFwvMDJcL2VkaWZpY2lvLXZpdmllbmRhcy1jLWZhY2hhZGEtMS5qcGciLCJzbGlkZXNob3ciOiI4OGIwYTI2In0%3D\" href='https:\/\/grupgr.com\/wp-content\/uploads\/2024\/02\/edificio-viviendas-c-fachada-1.jpg'><img decoding=\"async\" width=\"1000\" height=\"1000\" src=\"https:\/\/grupgr.com\/wp-content\/uploads\/2024\/02\/edificio-viviendas-c-fachada-1.jpg\" class=\"attachment-full size-full\" alt=\"\" srcset=\"https:\/\/grupgr.com\/wp-content\/uploads\/2024\/02\/edificio-viviendas-c-fachada-1.jpg 1000w, https:\/\/grupgr.com\/wp-content\/uploads\/2024\/02\/edificio-viviendas-c-fachada-1-300x300.jpg 300w, https:\/\/grupgr.com\/wp-content\/uploads\/2024\/02\/edificio-viviendas-c-fachada-1-150x150.jpg 150w, https:\/\/grupgr.com\/wp-content\/uploads\/2024\/02\/edificio-viviendas-c-fachada-1-768x768.jpg 768w\" sizes=\"(max-width: 1000px) 100vw, 1000px\" \/><\/a>\n\t\t\t<\/div><\/figure><figure class='gallery-item'>\n\t\t\t<div class='gallery-icon landscape'>\n\t\t\t\t<a data-elementor-open-lightbox=\"yes\" data-elementor-lightbox-slideshow=\"88b0a26\" data-elementor-lightbox-title=\"edificio-viviendas-c-fachada (3)\" data-e-action-hash=\"#elementor-action%3Aaction%3Dlightbox%26settings%3DeyJpZCI6OTEwLCJ1cmwiOiJodHRwczpcL1wvZ3J1cGdyLmNvbVwvd3AtY29udGVudFwvdXBsb2Fkc1wvMjAyNFwvMDJcL2VkaWZpY2lvLXZpdmllbmRhcy1jLWZhY2hhZGEtMy5qcGciLCJzbGlkZXNob3ciOiI4OGIwYTI2In0%3D\" href='https:\/\/grupgr.com\/wp-content\/uploads\/2024\/02\/edificio-viviendas-c-fachada-3.jpg'><img decoding=\"async\" width=\"1000\" height=\"1000\" src=\"https:\/\/grupgr.com\/wp-content\/uploads\/2024\/02\/edificio-viviendas-c-fachada-3.jpg\" class=\"attachment-full size-full\" alt=\"\" srcset=\"https:\/\/grupgr.com\/wp-content\/uploads\/2024\/02\/edificio-viviendas-c-fachada-3.jpg 1000w, https:\/\/grupgr.com\/wp-content\/uploads\/2024\/02\/edificio-viviendas-c-fachada-3-300x300.jpg 300w, https:\/\/grupgr.com\/wp-content\/uploads\/2024\/02\/edificio-viviendas-c-fachada-3-150x150.jpg 150w, https:\/\/grupgr.com\/wp-content\/uploads\/2024\/02\/edificio-viviendas-c-fachada-3-768x768.jpg 768w\" sizes=\"(max-width: 1000px) 100vw, 1000px\" \/><\/a>\n\t\t\t<\/div><\/figure><figure class='gallery-item'>\n\t\t\t<div class='gallery-icon landscape'>\n\t\t\t\t<a data-elementor-open-lightbox=\"yes\" data-elementor-lightbox-slideshow=\"88b0a26\" data-elementor-lightbox-title=\"edificio-viviendas-c-fachada (4)\" data-e-action-hash=\"#elementor-action%3Aaction%3Dlightbox%26settings%3DeyJpZCI6OTExLCJ1cmwiOiJodHRwczpcL1wvZ3J1cGdyLmNvbVwvd3AtY29udGVudFwvdXBsb2Fkc1wvMjAyNFwvMDJcL2VkaWZpY2lvLXZpdmllbmRhcy1jLWZhY2hhZGEtNC5qcGciLCJzbGlkZXNob3ciOiI4OGIwYTI2In0%3D\" href='https:\/\/grupgr.com\/wp-content\/uploads\/2024\/02\/edificio-viviendas-c-fachada-4.jpg'><img loading=\"lazy\" decoding=\"async\" width=\"1000\" height=\"1000\" src=\"https:\/\/grupgr.com\/wp-content\/uploads\/2024\/02\/edificio-viviendas-c-fachada-4.jpg\" class=\"attachment-full size-full\" alt=\"\" srcset=\"https:\/\/grupgr.com\/wp-content\/uploads\/2024\/02\/edificio-viviendas-c-fachada-4.jpg 1000w, https:\/\/grupgr.com\/wp-content\/uploads\/2024\/02\/edificio-viviendas-c-fachada-4-300x300.jpg 300w, https:\/\/grupgr.com\/wp-content\/uploads\/2024\/02\/edificio-viviendas-c-fachada-4-150x150.jpg 150w, https:\/\/grupgr.com\/wp-content\/uploads\/2024\/02\/edificio-viviendas-c-fachada-4-768x768.jpg 768w\" sizes=\"(max-width: 1000px) 100vw, 1000px\" \/><\/a>\n\t\t\t<\/div><\/figure><figure class='gallery-item'>\n\t\t\t<div class='gallery-icon landscape'>\n\t\t\t\t<a data-elementor-open-lightbox=\"yes\" data-elementor-lightbox-slideshow=\"88b0a26\" data-elementor-lightbox-title=\"edificio-viviendas-c-fachada (5)\" data-e-action-hash=\"#elementor-action%3Aaction%3Dlightbox%26settings%3DeyJpZCI6OTEyLCJ1cmwiOiJodHRwczpcL1wvZ3J1cGdyLmNvbVwvd3AtY29udGVudFwvdXBsb2Fkc1wvMjAyNFwvMDJcL2VkaWZpY2lvLXZpdmllbmRhcy1jLWZhY2hhZGEtNS5qcGciLCJzbGlkZXNob3ciOiI4OGIwYTI2In0%3D\" href='https:\/\/grupgr.com\/wp-content\/uploads\/2024\/02\/edificio-viviendas-c-fachada-5.jpg'><img loading=\"lazy\" decoding=\"async\" width=\"1000\" height=\"1000\" src=\"https:\/\/grupgr.com\/wp-content\/uploads\/2024\/02\/edificio-viviendas-c-fachada-5.jpg\" class=\"attachment-full size-full\" alt=\"\" srcset=\"https:\/\/grupgr.com\/wp-content\/uploads\/2024\/02\/edificio-viviendas-c-fachada-5.jpg 1000w, https:\/\/grupgr.com\/wp-content\/uploads\/2024\/02\/edificio-viviendas-c-fachada-5-300x300.jpg 300w, https:\/\/grupgr.com\/wp-content\/uploads\/2024\/02\/edificio-viviendas-c-fachada-5-150x150.jpg 150w, https:\/\/grupgr.com\/wp-content\/uploads\/2024\/02\/edificio-viviendas-c-fachada-5-768x768.jpg 768w\" sizes=\"(max-width: 1000px) 100vw, 1000px\" \/><\/a>\n\t\t\t<\/div><\/figure><figure class='gallery-item'>\n\t\t\t<div class='gallery-icon landscape'>\n\t\t\t\t<a data-elementor-open-lightbox=\"yes\" data-elementor-lightbox-slideshow=\"88b0a26\" data-elementor-lightbox-title=\"edificio-viviendas-c-fachada (6)\" data-e-action-hash=\"#elementor-action%3Aaction%3Dlightbox%26settings%3DeyJpZCI6OTEzLCJ1cmwiOiJodHRwczpcL1wvZ3J1cGdyLmNvbVwvd3AtY29udGVudFwvdXBsb2Fkc1wvMjAyNFwvMDJcL2VkaWZpY2lvLXZpdmllbmRhcy1jLWZhY2hhZGEtNi5qcGciLCJzbGlkZXNob3ciOiI4OGIwYTI2In0%3D\" href='https:\/\/grupgr.com\/wp-content\/uploads\/2024\/02\/edificio-viviendas-c-fachada-6.jpg'><img loading=\"lazy\" decoding=\"async\" width=\"1000\" height=\"1000\" src=\"https:\/\/grupgr.com\/wp-content\/uploads\/2024\/02\/edificio-viviendas-c-fachada-6.jpg\" class=\"attachment-full size-full\" alt=\"\" srcset=\"https:\/\/grupgr.com\/wp-content\/uploads\/2024\/02\/edificio-viviendas-c-fachada-6.jpg 1000w, https:\/\/grupgr.com\/wp-content\/uploads\/2024\/02\/edificio-viviendas-c-fachada-6-300x300.jpg 300w, https:\/\/grupgr.com\/wp-content\/uploads\/2024\/02\/edificio-viviendas-c-fachada-6-150x150.jpg 150w, https:\/\/grupgr.com\/wp-content\/uploads\/2024\/02\/edificio-viviendas-c-fachada-6-768x768.jpg 768w\" sizes=\"(max-width: 1000px) 100vw, 1000px\" \/><\/a>\n\t\t\t<\/div><\/figure><figure class='gallery-item'>\n\t\t\t<div class='gallery-icon landscape'>\n\t\t\t\t<a data-elementor-open-lightbox=\"yes\" data-elementor-lightbox-slideshow=\"88b0a26\" data-elementor-lightbox-title=\"edificio-viviendas-c-fachada (7)\" data-e-action-hash=\"#elementor-action%3Aaction%3Dlightbox%26settings%3DeyJpZCI6OTE0LCJ1cmwiOiJodHRwczpcL1wvZ3J1cGdyLmNvbVwvd3AtY29udGVudFwvdXBsb2Fkc1wvMjAyNFwvMDJcL2VkaWZpY2lvLXZpdmllbmRhcy1jLWZhY2hhZGEtNy5qcGciLCJzbGlkZXNob3ciOiI4OGIwYTI2In0%3D\" href='https:\/\/grupgr.com\/wp-content\/uploads\/2024\/02\/edificio-viviendas-c-fachada-7.jpg'><img loading=\"lazy\" decoding=\"async\" width=\"1000\" height=\"1000\" src=\"https:\/\/grupgr.com\/wp-content\/uploads\/2024\/02\/edificio-viviendas-c-fachada-7.jpg\" class=\"attachment-full size-full\" alt=\"\" srcset=\"https:\/\/grupgr.com\/wp-content\/uploads\/2024\/02\/edificio-viviendas-c-fachada-7.jpg 1000w, https:\/\/grupgr.com\/wp-content\/uploads\/2024\/02\/edificio-viviendas-c-fachada-7-300x300.jpg 300w, https:\/\/grupgr.com\/wp-content\/uploads\/2024\/02\/edificio-viviendas-c-fachada-7-150x150.jpg 150w, https:\/\/grupgr.com\/wp-content\/uploads\/2024\/02\/edificio-viviendas-c-fachada-7-768x768.jpg 768w\" sizes=\"(max-width: 1000px) 100vw, 1000px\" \/><\/a>\n\t\t\t<\/div><\/figure><figure class='gallery-item'>\n\t\t\t<div class='gallery-icon landscape'>\n\t\t\t\t<a data-elementor-open-lightbox=\"yes\" data-elementor-lightbox-slideshow=\"88b0a26\" data-elementor-lightbox-title=\"edificio-viviendas-c-fachada (8)\" data-e-action-hash=\"#elementor-action%3Aaction%3Dlightbox%26settings%3DeyJpZCI6OTE1LCJ1cmwiOiJodHRwczpcL1wvZ3J1cGdyLmNvbVwvd3AtY29udGVudFwvdXBsb2Fkc1wvMjAyNFwvMDJcL2VkaWZpY2lvLXZpdmllbmRhcy1jLWZhY2hhZGEtOC5qcGciLCJzbGlkZXNob3ciOiI4OGIwYTI2In0%3D\" href='https:\/\/grupgr.com\/wp-content\/uploads\/2024\/02\/edificio-viviendas-c-fachada-8.jpg'><img loading=\"lazy\" decoding=\"async\" width=\"1000\" height=\"1000\" src=\"https:\/\/grupgr.com\/wp-content\/uploads\/2024\/02\/edificio-viviendas-c-fachada-8.jpg\" class=\"attachment-full size-full\" alt=\"\" srcset=\"https:\/\/grupgr.com\/wp-content\/uploads\/2024\/02\/edificio-viviendas-c-fachada-8.jpg 1000w, https:\/\/grupgr.com\/wp-content\/uploads\/2024\/02\/edificio-viviendas-c-fachada-8-300x300.jpg 300w, https:\/\/grupgr.com\/wp-content\/uploads\/2024\/02\/edificio-viviendas-c-fachada-8-150x150.jpg 150w, https:\/\/grupgr.com\/wp-content\/uploads\/2024\/02\/edificio-viviendas-c-fachada-8-768x768.jpg 768w\" sizes=\"(max-width: 1000px) 100vw, 1000px\" \/><\/a>\n\t\t\t<\/div><\/figure><figure class='gallery-item'>\n\t\t\t<div class='gallery-icon landscape'>\n\t\t\t\t<a data-elementor-open-lightbox=\"yes\" data-elementor-lightbox-slideshow=\"88b0a26\" data-elementor-lightbox-title=\"edificio-viviendas-c-fachada (9)\" data-e-action-hash=\"#elementor-action%3Aaction%3Dlightbox%26settings%3DeyJpZCI6OTE2LCJ1cmwiOiJodHRwczpcL1wvZ3J1cGdyLmNvbVwvd3AtY29udGVudFwvdXBsb2Fkc1wvMjAyNFwvMDJcL2VkaWZpY2lvLXZpdmllbmRhcy1jLWZhY2hhZGEtOS5qcGciLCJzbGlkZXNob3ciOiI4OGIwYTI2In0%3D\" href='https:\/\/grupgr.com\/wp-content\/uploads\/2024\/02\/edificio-viviendas-c-fachada-9.jpg'><img loading=\"lazy\" decoding=\"async\" width=\"1000\" height=\"1000\" src=\"https:\/\/grupgr.com\/wp-content\/uploads\/2024\/02\/edificio-viviendas-c-fachada-9.jpg\" class=\"attachment-full size-full\" alt=\"\" srcset=\"https:\/\/grupgr.com\/wp-content\/uploads\/2024\/02\/edificio-viviendas-c-fachada-9.jpg 1000w, https:\/\/grupgr.com\/wp-content\/uploads\/2024\/02\/edificio-viviendas-c-fachada-9-300x300.jpg 300w, https:\/\/grupgr.com\/wp-content\/uploads\/2024\/02\/edificio-viviendas-c-fachada-9-150x150.jpg 150w, https:\/\/grupgr.com\/wp-content\/uploads\/2024\/02\/edificio-viviendas-c-fachada-9-768x768.jpg 768w\" sizes=\"(max-width: 1000px) 100vw, 1000px\" \/><\/a>\n\t\t\t<\/div><\/figure><figure class='gallery-item'>\n\t\t\t<div class='gallery-icon landscape'>\n\t\t\t\t<a data-elementor-open-lightbox=\"yes\" data-elementor-lightbox-slideshow=\"88b0a26\" data-elementor-lightbox-title=\"edificio-viviendas-c-fachada (10)\" data-e-action-hash=\"#elementor-action%3Aaction%3Dlightbox%26settings%3DeyJpZCI6OTE3LCJ1cmwiOiJodHRwczpcL1wvZ3J1cGdyLmNvbVwvd3AtY29udGVudFwvdXBsb2Fkc1wvMjAyNFwvMDJcL2VkaWZpY2lvLXZpdmllbmRhcy1jLWZhY2hhZGEtMTAuanBnIiwic2xpZGVzaG93IjoiODhiMGEyNiJ9\" href='https:\/\/grupgr.com\/wp-content\/uploads\/2024\/02\/edificio-viviendas-c-fachada-10.jpg'><img loading=\"lazy\" decoding=\"async\" width=\"1000\" height=\"1000\" src=\"https:\/\/grupgr.com\/wp-content\/uploads\/2024\/02\/edificio-viviendas-c-fachada-10.jpg\" class=\"attachment-full size-full\" alt=\"\" srcset=\"https:\/\/grupgr.com\/wp-content\/uploads\/2024\/02\/edificio-viviendas-c-fachada-10.jpg 1000w, https:\/\/grupgr.com\/wp-content\/uploads\/2024\/02\/edificio-viviendas-c-fachada-10-300x300.jpg 300w, https:\/\/grupgr.com\/wp-content\/uploads\/2024\/02\/edificio-viviendas-c-fachada-10-150x150.jpg 150w, https:\/\/grupgr.com\/wp-content\/uploads\/2024\/02\/edificio-viviendas-c-fachada-10-768x768.jpg 768w\" sizes=\"(max-width: 1000px) 100vw, 1000px\" \/><\/a>\n\t\t\t<\/div><\/figure><figure class='gallery-item'>\n\t\t\t<div class='gallery-icon landscape'>\n\t\t\t\t<a data-elementor-open-lightbox=\"yes\" data-elementor-lightbox-slideshow=\"88b0a26\" data-elementor-lightbox-title=\"edificio-viviendas-c-fachada (11)\" data-e-action-hash=\"#elementor-action%3Aaction%3Dlightbox%26settings%3DeyJpZCI6OTE4LCJ1cmwiOiJodHRwczpcL1wvZ3J1cGdyLmNvbVwvd3AtY29udGVudFwvdXBsb2Fkc1wvMjAyNFwvMDJcL2VkaWZpY2lvLXZpdmllbmRhcy1jLWZhY2hhZGEtMTEuanBnIiwic2xpZGVzaG93IjoiODhiMGEyNiJ9\" href='https:\/\/grupgr.com\/wp-content\/uploads\/2024\/02\/edificio-viviendas-c-fachada-11.jpg'><img loading=\"lazy\" decoding=\"async\" width=\"1000\" height=\"1000\" src=\"https:\/\/grupgr.com\/wp-content\/uploads\/2024\/02\/edificio-viviendas-c-fachada-11.jpg\" class=\"attachment-full size-full\" alt=\"\" srcset=\"https:\/\/grupgr.com\/wp-content\/uploads\/2024\/02\/edificio-viviendas-c-fachada-11.jpg 1000w, https:\/\/grupgr.com\/wp-content\/uploads\/2024\/02\/edificio-viviendas-c-fachada-11-300x300.jpg 300w, https:\/\/grupgr.com\/wp-content\/uploads\/2024\/02\/edificio-viviendas-c-fachada-11-150x150.jpg 150w, https:\/\/grupgr.com\/wp-content\/uploads\/2024\/02\/edificio-viviendas-c-fachada-11-768x768.jpg 768w\" sizes=\"(max-width: 1000px) 100vw, 1000px\" \/><\/a>\n\t\t\t<\/div><\/figure><figure class='gallery-item'>\n\t\t\t<div class='gallery-icon landscape'>\n\t\t\t\t<a data-elementor-open-lightbox=\"yes\" data-elementor-lightbox-slideshow=\"88b0a26\" data-elementor-lightbox-title=\"edificio-viviendas-c-fachada (12)\" data-e-action-hash=\"#elementor-action%3Aaction%3Dlightbox%26settings%3DeyJpZCI6OTE5LCJ1cmwiOiJodHRwczpcL1wvZ3J1cGdyLmNvbVwvd3AtY29udGVudFwvdXBsb2Fkc1wvMjAyNFwvMDJcL2VkaWZpY2lvLXZpdmllbmRhcy1jLWZhY2hhZGEtMTIuanBnIiwic2xpZGVzaG93IjoiODhiMGEyNiJ9\" href='https:\/\/grupgr.com\/wp-content\/uploads\/2024\/02\/edificio-viviendas-c-fachada-12.jpg'><img loading=\"lazy\" decoding=\"async\" width=\"1000\" height=\"1000\" src=\"https:\/\/grupgr.com\/wp-content\/uploads\/2024\/02\/edificio-viviendas-c-fachada-12.jpg\" class=\"attachment-full size-full\" alt=\"\" srcset=\"https:\/\/grupgr.com\/wp-content\/uploads\/2024\/02\/edificio-viviendas-c-fachada-12.jpg 1000w, https:\/\/grupgr.com\/wp-content\/uploads\/2024\/02\/edificio-viviendas-c-fachada-12-300x300.jpg 300w, https:\/\/grupgr.com\/wp-content\/uploads\/2024\/02\/edificio-viviendas-c-fachada-12-150x150.jpg 150w, https:\/\/grupgr.com\/wp-content\/uploads\/2024\/02\/edificio-viviendas-c-fachada-12-768x768.jpg 768w\" sizes=\"(max-width: 1000px) 100vw, 1000px\" \/><\/a>\n\t\t\t<\/div><\/figure><figure class='gallery-item'>\n\t\t\t<div class='gallery-icon landscape'>\n\t\t\t\t<a data-elementor-open-lightbox=\"yes\" data-elementor-lightbox-slideshow=\"88b0a26\" data-elementor-lightbox-title=\"edificio-viviendas-c-fachada (13)\" data-e-action-hash=\"#elementor-action%3Aaction%3Dlightbox%26settings%3DeyJpZCI6OTIwLCJ1cmwiOiJodHRwczpcL1wvZ3J1cGdyLmNvbVwvd3AtY29udGVudFwvdXBsb2Fkc1wvMjAyNFwvMDJcL2VkaWZpY2lvLXZpdmllbmRhcy1jLWZhY2hhZGEtMTMuanBnIiwic2xpZGVzaG93IjoiODhiMGEyNiJ9\" href='https:\/\/grupgr.com\/wp-content\/uploads\/2024\/02\/edificio-viviendas-c-fachada-13.jpg'><img loading=\"lazy\" decoding=\"async\" width=\"1000\" height=\"1000\" src=\"https:\/\/grupgr.com\/wp-content\/uploads\/2024\/02\/edificio-viviendas-c-fachada-13.jpg\" class=\"attachment-full size-full\" alt=\"\" srcset=\"https:\/\/grupgr.com\/wp-content\/uploads\/2024\/02\/edificio-viviendas-c-fachada-13.jpg 1000w, https:\/\/grupgr.com\/wp-content\/uploads\/2024\/02\/edificio-viviendas-c-fachada-13-300x300.jpg 300w, https:\/\/grupgr.com\/wp-content\/uploads\/2024\/02\/edificio-viviendas-c-fachada-13-150x150.jpg 150w, https:\/\/grupgr.com\/wp-content\/uploads\/2024\/02\/edificio-viviendas-c-fachada-13-768x768.jpg 768w\" sizes=\"(max-width: 1000px) 100vw, 1000px\" \/><\/a>\n\t\t\t<\/div><\/figure>\n\t\t<\/div>\n\t\t<\/div>\n\t\t\t\t\t\t<\/div>\n\t\t\t\t<\/div>\n\t\t\t\t\t<\/div>\n\t\t\t\t<\/div>\n\t\t\t\t<\/div>\n\t\t","protected":false},"excerpt":{"rendered":"<p>Situaci\u00f3: C\/ Miguel Servet, 8-16, de Monz\u00f3n (Huesca) Contratista: HINACO, S.L.<\/p>\n","protected":false},"author":1,"featured_media":908,"comment_status":"closed","ping_status":"closed","sticky":false,"template":"elementor_header_footer","format":"standard","meta":{"footnotes":""},"categories":[20],"tags":[],"class_list":["post-1203","post","type-post","status-publish","format-standard","has-post-thumbnail","hentry","category-obres-singulars"],"yoast_head":"<!-- This site is optimized with the Yoast SEO plugin v24.2 - https:\/\/yoast.com\/wordpress\/plugins\/seo\/ -->\n<title>Edifici d&#039;habitatges conservant fa\u00e7ana - L.C. Ejecuci\u00f3n de obras<\/title>\n<meta name=\"robots\" content=\"index, follow, max-snippet:-1, max-image-preview:large, max-video-preview:-1\" \/>\n<link rel=\"canonical\" href=\"https:\/\/grupgr.com\/ca\/edifici-dhabitatges-conservant-facana\/\" \/>\n<meta property=\"og:locale\" content=\"ca_ES\" \/>\n<meta property=\"og:type\" content=\"article\" \/>\n<meta property=\"og:title\" content=\"Edifici d&#039;habitatges conservant fa\u00e7ana - L.C. Ejecuci\u00f3n de obras\" \/>\n<meta property=\"og:description\" content=\"Situaci\u00f3: C\/ Miguel Servet, 8-16, de Monz\u00f3n (Huesca) Contratista: HINACO, S.L.\" \/>\n<meta property=\"og:url\" content=\"https:\/\/grupgr.com\/ca\/edifici-dhabitatges-conservant-facana\/\" \/>\n<meta property=\"og:site_name\" content=\"L.C. Ejecuci\u00f3n de obras\" \/>\n<meta property=\"article:published_time\" content=\"2024-02-21T11:02:51+00:00\" \/>\n<meta property=\"article:modified_time\" content=\"2024-03-27T13:40:00+00:00\" \/>\n<meta property=\"og:image\" content=\"https:\/\/grupgr.com\/wp-content\/uploads\/2024\/02\/edificio-viviendas-c-fachada-2.jpg\" \/>\n\t<meta property=\"og:image:width\" content=\"1000\" \/>\n\t<meta property=\"og:image:height\" content=\"1000\" \/>\n\t<meta property=\"og:image:type\" content=\"image\/jpeg\" \/>\n<meta name=\"author\" content=\"admin\" \/>\n<meta name=\"twitter:card\" content=\"summary_large_image\" \/>\n<meta name=\"twitter:label1\" content=\"Escrit per\" \/>\n\t<meta name=\"twitter:data1\" content=\"admin\" \/>\n<script type=\"application\/ld+json\" class=\"yoast-schema-graph\">{\"@context\":\"https:\/\/schema.org\",\"@graph\":[{\"@type\":\"WebPage\",\"@id\":\"https:\/\/grupgr.com\/ca\/edifici-dhabitatges-conservant-facana\/\",\"url\":\"https:\/\/grupgr.com\/ca\/edifici-dhabitatges-conservant-facana\/\",\"name\":\"Edifici d'habitatges conservant fa\u00e7ana - L.C. Ejecuci\u00f3n de obras\",\"isPartOf\":{\"@id\":\"https:\/\/grupgr.com\/ca\/#website\"},\"primaryImageOfPage\":{\"@id\":\"https:\/\/grupgr.com\/ca\/edifici-dhabitatges-conservant-facana\/#primaryimage\"},\"image\":{\"@id\":\"https:\/\/grupgr.com\/ca\/edifici-dhabitatges-conservant-facana\/#primaryimage\"},\"thumbnailUrl\":\"https:\/\/grupgr.com\/wp-content\/uploads\/2024\/02\/edificio-viviendas-c-fachada-2.jpg\",\"datePublished\":\"2024-02-21T11:02:51+00:00\",\"dateModified\":\"2024-03-27T13:40:00+00:00\",\"author\":{\"@id\":\"https:\/\/grupgr.com\/ca\/#\/schema\/person\/5bfa82ab96894cb64a39cc4bc969703d\"},\"breadcrumb\":{\"@id\":\"https:\/\/grupgr.com\/ca\/edifici-dhabitatges-conservant-facana\/#breadcrumb\"},\"inLanguage\":\"ca\",\"potentialAction\":[{\"@type\":\"ReadAction\",\"target\":[\"https:\/\/grupgr.com\/ca\/edifici-dhabitatges-conservant-facana\/\"]}]},{\"@type\":\"ImageObject\",\"inLanguage\":\"ca\",\"@id\":\"https:\/\/grupgr.com\/ca\/edifici-dhabitatges-conservant-facana\/#primaryimage\",\"url\":\"https:\/\/grupgr.com\/wp-content\/uploads\/2024\/02\/edificio-viviendas-c-fachada-2.jpg\",\"contentUrl\":\"https:\/\/grupgr.com\/wp-content\/uploads\/2024\/02\/edificio-viviendas-c-fachada-2.jpg\",\"width\":1000,\"height\":1000},{\"@type\":\"BreadcrumbList\",\"@id\":\"https:\/\/grupgr.com\/ca\/edifici-dhabitatges-conservant-facana\/#breadcrumb\",\"itemListElement\":[{\"@type\":\"ListItem\",\"position\":1,\"name\":\"Portada\",\"item\":\"https:\/\/grupgr.com\/ca\/\"},{\"@type\":\"ListItem\",\"position\":2,\"name\":\"Edifici d&#8217;habitatges conservant fa\u00e7ana\"}]},{\"@type\":\"WebSite\",\"@id\":\"https:\/\/grupgr.com\/ca\/#website\",\"url\":\"https:\/\/grupgr.com\/ca\/\",\"name\":\"L.C. Ejecuci\u00f3n de obras\",\"description\":\"\",\"potentialAction\":[{\"@type\":\"SearchAction\",\"target\":{\"@type\":\"EntryPoint\",\"urlTemplate\":\"https:\/\/grupgr.com\/ca\/?s={search_term_string}\"},\"query-input\":{\"@type\":\"PropertyValueSpecification\",\"valueRequired\":true,\"valueName\":\"search_term_string\"}}],\"inLanguage\":\"ca\"},{\"@type\":\"Person\",\"@id\":\"https:\/\/grupgr.com\/ca\/#\/schema\/person\/5bfa82ab96894cb64a39cc4bc969703d\",\"name\":\"admin\",\"image\":{\"@type\":\"ImageObject\",\"inLanguage\":\"ca\",\"@id\":\"https:\/\/grupgr.com\/ca\/#\/schema\/person\/image\/\",\"url\":\"https:\/\/secure.gravatar.com\/avatar\/0d71309da378fbfaf76f494ec88fa2f2?s=96&d=mm&r=g\",\"contentUrl\":\"https:\/\/secure.gravatar.com\/avatar\/0d71309da378fbfaf76f494ec88fa2f2?s=96&d=mm&r=g\",\"caption\":\"admin\"},\"sameAs\":[\"http:\/\/grupgr.panelserver.org\"],\"url\":\"https:\/\/grupgr.com\/ca\/author\/lagrafica\/\"}]}<\/script>\n<!-- \/ Yoast SEO plugin. -->","yoast_head_json":{"title":"Edifici d'habitatges conservant fa\u00e7ana - L.C. Ejecuci\u00f3n de obras","robots":{"index":"index","follow":"follow","max-snippet":"max-snippet:-1","max-image-preview":"max-image-preview:large","max-video-preview":"max-video-preview:-1"},"canonical":"https:\/\/grupgr.com\/ca\/edifici-dhabitatges-conservant-facana\/","og_locale":"ca_ES","og_type":"article","og_title":"Edifici d'habitatges conservant fa\u00e7ana - L.C. Ejecuci\u00f3n de obras","og_description":"Situaci\u00f3: C\/ Miguel Servet, 8-16, de Monz\u00f3n (Huesca) Contratista: HINACO, S.L.","og_url":"https:\/\/grupgr.com\/ca\/edifici-dhabitatges-conservant-facana\/","og_site_name":"L.C. Ejecuci\u00f3n de obras","article_published_time":"2024-02-21T11:02:51+00:00","article_modified_time":"2024-03-27T13:40:00+00:00","og_image":[{"width":1000,"height":1000,"url":"https:\/\/grupgr.com\/wp-content\/uploads\/2024\/02\/edificio-viviendas-c-fachada-2.jpg","type":"image\/jpeg"}],"author":"admin","twitter_card":"summary_large_image","twitter_misc":{"Escrit per":"admin"},"schema":{"@context":"https:\/\/schema.org","@graph":[{"@type":"WebPage","@id":"https:\/\/grupgr.com\/ca\/edifici-dhabitatges-conservant-facana\/","url":"https:\/\/grupgr.com\/ca\/edifici-dhabitatges-conservant-facana\/","name":"Edifici d'habitatges conservant fa\u00e7ana - L.C. Ejecuci\u00f3n de obras","isPartOf":{"@id":"https:\/\/grupgr.com\/ca\/#website"},"primaryImageOfPage":{"@id":"https:\/\/grupgr.com\/ca\/edifici-dhabitatges-conservant-facana\/#primaryimage"},"image":{"@id":"https:\/\/grupgr.com\/ca\/edifici-dhabitatges-conservant-facana\/#primaryimage"},"thumbnailUrl":"https:\/\/grupgr.com\/wp-content\/uploads\/2024\/02\/edificio-viviendas-c-fachada-2.jpg","datePublished":"2024-02-21T11:02:51+00:00","dateModified":"2024-03-27T13:40:00+00:00","author":{"@id":"https:\/\/grupgr.com\/ca\/#\/schema\/person\/5bfa82ab96894cb64a39cc4bc969703d"},"breadcrumb":{"@id":"https:\/\/grupgr.com\/ca\/edifici-dhabitatges-conservant-facana\/#breadcrumb"},"inLanguage":"ca","potentialAction":[{"@type":"ReadAction","target":["https:\/\/grupgr.com\/ca\/edifici-dhabitatges-conservant-facana\/"]}]},{"@type":"ImageObject","inLanguage":"ca","@id":"https:\/\/grupgr.com\/ca\/edifici-dhabitatges-conservant-facana\/#primaryimage","url":"https:\/\/grupgr.com\/wp-content\/uploads\/2024\/02\/edificio-viviendas-c-fachada-2.jpg","contentUrl":"https:\/\/grupgr.com\/wp-content\/uploads\/2024\/02\/edificio-viviendas-c-fachada-2.jpg","width":1000,"height":1000},{"@type":"BreadcrumbList","@id":"https:\/\/grupgr.com\/ca\/edifici-dhabitatges-conservant-facana\/#breadcrumb","itemListElement":[{"@type":"ListItem","position":1,"name":"Portada","item":"https:\/\/grupgr.com\/ca\/"},{"@type":"ListItem","position":2,"name":"Edifici d&#8217;habitatges conservant fa\u00e7ana"}]},{"@type":"WebSite","@id":"https:\/\/grupgr.com\/ca\/#website","url":"https:\/\/grupgr.com\/ca\/","name":"L.C. Ejecuci\u00f3n de obras","description":"","potentialAction":[{"@type":"SearchAction","target":{"@type":"EntryPoint","urlTemplate":"https:\/\/grupgr.com\/ca\/?s={search_term_string}"},"query-input":{"@type":"PropertyValueSpecification","valueRequired":true,"valueName":"search_term_string"}}],"inLanguage":"ca"},{"@type":"Person","@id":"https:\/\/grupgr.com\/ca\/#\/schema\/person\/5bfa82ab96894cb64a39cc4bc969703d","name":"admin","image":{"@type":"ImageObject","inLanguage":"ca","@id":"https:\/\/grupgr.com\/ca\/#\/schema\/person\/image\/","url":"https:\/\/secure.gravatar.com\/avatar\/0d71309da378fbfaf76f494ec88fa2f2?s=96&d=mm&r=g","contentUrl":"https:\/\/secure.gravatar.com\/avatar\/0d71309da378fbfaf76f494ec88fa2f2?s=96&d=mm&r=g","caption":"admin"},"sameAs":["http:\/\/grupgr.panelserver.org"],"url":"https:\/\/grupgr.com\/ca\/author\/lagrafica\/"}]}},"_links":{"self":[{"href":"https:\/\/grupgr.com\/ca\/wp-json\/wp\/v2\/posts\/1203","targetHints":{"allow":["GET"]}}],"collection":[{"href":"https:\/\/grupgr.com\/ca\/wp-json\/wp\/v2\/posts"}],"about":[{"href":"https:\/\/grupgr.com\/ca\/wp-json\/wp\/v2\/types\/post"}],"author":[{"embeddable":true,"href":"https:\/\/grupgr.com\/ca\/wp-json\/wp\/v2\/users\/1"}],"replies":[{"embeddable":true,"href":"https:\/\/grupgr.com\/ca\/wp-json\/wp\/v2\/comments?post=1203"}],"version-history":[{"count":1,"href":"https:\/\/grupgr.com\/ca\/wp-json\/wp\/v2\/posts\/1203\/revisions"}],"predecessor-version":[{"id":1204,"href":"https:\/\/grupgr.com\/ca\/wp-json\/wp\/v2\/posts\/1203\/revisions\/1204"}],"wp:featuredmedia":[{"embeddable":true,"href":"https:\/\/grupgr.com\/ca\/wp-json\/wp\/v2\/media\/908"}],"wp:attachment":[{"href":"https:\/\/grupgr.com\/ca\/wp-json\/wp\/v2\/media?parent=1203"}],"wp:term":[{"taxonomy":"category","embeddable":true,"href":"https:\/\/grupgr.com\/ca\/wp-json\/wp\/v2\/categories?post=1203"},{"taxonomy":"post_tag","embeddable":true,"href":"https:\/\/grupgr.com\/ca\/wp-json\/wp\/v2\/tags?post=1203"}],"curies":[{"name":"wp","href":"https:\/\/api.w.org\/{rel}","templated":true}]}}